{"id":3081,"date":"2024-06-19T23:36:21","date_gmt":"2024-06-19T23:36:21","guid":{"rendered":"https:\/\/olinlogistics.com\/?p=3081"},"modified":"2024-06-19T23:36:22","modified_gmt":"2024-06-19T23:36:22","slug":"alianza-del-pacifico-quien-la-conforma-y-cuales-son-sus-objetivos","status":"publish","type":"post","link":"https:\/\/olinlogistics.com\/es\/alianza-del-pacifico-quien-la-conforma-y-cuales-son-sus-objetivos\/","title":{"rendered":"Alianza del Pac\u00edfico: \u00bfQui\u00e9n la conforma y cu\u00e1les son sus beneficios econ\u00f3micos?"},"content":{"rendered":"<figure class=\"wp-block-embed is-type-video is-provider-youtube wp-block-embed-youtube wp-embed-aspect-16-9 wp-has-aspect-ratio\"><div class=\"wp-block-embed__wrapper\">\n<iframe loading=\"lazy\" title=\"\u00bfQui\u00e9n integra la Alianza del Pac\u00edfico y cu\u00e1les son sus beneficios?\" width=\"1020\" height=\"574\" src=\"https:\/\/www.youtube.com\/embed\/UUXzPrlBIJg?feature=oembed\" frameborder=\"0\" allow=\"accelerometer; autoplay; clipboard-write; encrypted-media; gyroscope; picture-in-picture; web-share\" referrerpolicy=\"strict-origin-when-cross-origin\" allowfullscreen><\/iframe>\n<\/div><\/figure>\n\n\n\n<p>La Alianza del Pac\u00edfico es una estrategia de integraci\u00f3n regional innovadora y con metas comerciales claras para la econom\u00eda de los pa\u00edses miembros. Est\u00e1 conformada por Chile, Colombia, M\u00e9xico y Per\u00fa. Esta Alianza fue creada el 28 de abril de 2011 con la firma de la \u201cDeclaraci\u00f3n de Lima\u201d por los presidentes de cada naci\u00f3n. Sigue leyendo, pues a continuaci\u00f3n veremos los beneficios que ha tra\u00eddo la Alianza del Pac\u00edfico.<\/p>\n\n\n\n<p>Primero que nada, el objetivo principal de la Alianza del Pac\u00edfico es crear un \u00e1rea de crecimiento, desarrollo y competitividad para la econom\u00eda de sus integrantes. Adem\u00e1s de convertirse en una plataforma de conexi\u00f3n con la regi\u00f3n de Asia y el pac\u00edfico.<\/p>\n\n\n\n<h2 class=\"wp-block-heading\"><strong>\u00bfQui\u00e9n integra la Alianza del Pac\u00edfico?<\/strong><\/h2>\n\n\n\n<p>La Alianza del Pac\u00edfico posee cuatro pa\u00edses miembros: Chile, Colombia, M\u00e9xico y Per\u00fa. Mencionados alfab\u00e9ticamente puesto que es el orden en el que se rotan la \u201cPresidencia pro Tempore\u201d (PPT) cada a\u00f1o. La cu\u00e1l fue recibida por la canciller peruana Ana Cecilia Gervasi, el 01 de agosto del 2023 de acuerdo al sitio oficial del gobierno de Colombia.<\/p>\n\n\n\n<p>Por otro lado, adem\u00e1s de los pa\u00edses miembros, la Alianza del Pac\u00edfico tambi\u00e9n integra 63 pa\u00edses observadores y recientemente se agreg\u00f3 al primer pa\u00eds asociado. Ya que Singapur firm\u00f3 un TLC con la Alianza del Pac\u00edfico el 22 de enero del 2022.<\/p>\n\n\n\n<p>Cabe destacar que M\u00e9xico ya celebraba individualmente un Tratado de Libre Comercio bilateral con Colombia. Si deseas conocer m\u00e1s detalles, te invito a leer el art\u00edculo sobre el <a href=\"https:\/\/olinlogistics.com\/es\/?p=3079&amp;preview=true\" target=\"_blank\" rel=\"noreferrer noopener\">\u201cTratado de Libre comercio M\u00e9xico &#8211; Colombia\u201d.<\/a> Asimismo, visita el <a href=\"https:\/\/www.youtube.com\/@olinlogistics\" target=\"_blank\" rel=\"noreferrer noopener\">canal de YouTube<\/a> en donde encontrar\u00e1s el video de este tema.<\/p>\n\n\n\n<h2 class=\"wp-block-heading\"><strong>Objetivos y logros de la Alianza del Pac\u00edfico.<\/strong><\/h2>\n\n\n\n<p>La Alianza del Pac\u00edfico ha propiciado los siguientes beneficios para sus miembros.<\/p>\n\n\n\n<ul class=\"wp-block-list\">\n<li>Desgravaci\u00f3n del 98% del comercio intrarregional.<\/li>\n\n\n\n<li>Proyecci\u00f3n de desgravaci\u00f3n del 2% restante para el 2030<\/li>\n\n\n\n<li>Eliminaci\u00f3n de visas (tanto de trabajo como de turismo) entre los 4 pa\u00edses.<\/li>\n\n\n\n<li>Plataforma de Movilidad Estudiantil y Acad\u00e9mica. Este programa otorga 100 becas por pa\u00eds. Hasta la fecha se ha beneficiado a 2813 estudiantes de los 4 pa\u00edses miembros.<\/li>\n\n\n\n<li>Foros anuales de Cooperaci\u00f3n Internacional de la Alianza del Pac\u00edfico.<\/li>\n\n\n\n<li>Entre muchos otros.<\/li>\n<\/ul>\n\n\n\n<h2 class=\"wp-block-heading\"><strong>\u00bfCu\u00e1l es el alcance del comercio?&nbsp;<\/strong><\/h2>\n\n\n\n<p>De acuerdo a las cifras del Banco de M\u00e9xico publicadas por la Secretar\u00eda de Econom\u00eda de M\u00e9xico, la Alianza del Pac\u00edfico comercializ\u00f3 con nuestro pa\u00eds $7, 972 MDD en el a\u00f1o 2020. Y a su vez, en el 2021 la cantidad de 11,307 MDD de comercio total.<\/p>\n\n\n\n<p>Y de acuerdo al sitio oficial del gobierno de Colombia, con cifras hasta el 2022, esta Alianza ha alcanzado ser la octava econom\u00eda del mundo. Misma que atrae cerca de 56 millones de turistas anuales y el 38% de la IED en Am\u00e9rica Latina. Adem\u00e1s de representar un 40% del PIB de la regi\u00f3n.<\/p>\n\n\n\n<p>Desde su instauraci\u00f3n, se han celebrado varias Cumbres Presidenciales y Reuniones Ministeriales. En ellas se re\u00fanen Presidentes de las naciones, as\u00ed como ministros de Relaciones Exteriores y ministros de comercio exterior respectivamente. En la \u00faltima cumbre del 22 de enero del 2022 se firm\u00f3 el TLC con Singapur. Y el 8 de julio del mismo a\u00f1o, Costa Rica anunci\u00f3 que solicitar\u00e1 unirse a este grupo.<\/p>\n\n\n\n<p>Para finalizar, podemos decir que la relaci\u00f3n establecida entre estos pa\u00edses, ha dado grandes frutos a la econom\u00eda individual. Pero tambi\u00e9n, ha propiciado un crecimiento a la econom\u00eda regional. Lo que ha hecho que otros pa\u00edses quieran sumarse a estos beneficios. Lo que brinda una apertura econ\u00f3mica al comercio internacional con otras regiones del mundo. La constante evaluaci\u00f3n de sus lineamientos y los grandes beneficios, atraen la atenci\u00f3n de otros pa\u00edses.&nbsp;<\/p>\n\n\n\n<p>Recuerda que en Ol\u00edn Logistics, estamos certificados por la IATA y somos miembros de la WCA. Por lo que podemos brindarte la atenci\u00f3n y asesor\u00eda de comercio exterior que necesites.<\/p>\n\n\n\n<p>Si te gust\u00f3 este tema, te invito a suscribirte a nuestro <a href=\"https:\/\/www.youtube.com\/@olinlogistics\" target=\"_blank\" rel=\"noreferrer noopener\">canal de YouTube<\/a>. Tambi\u00e9n a&nbsp; seguirnos en todas nuestras redes sociales, en donde constantemente actualizamos nuestro contenido.<\/p>","protected":false},"excerpt":{"rendered":"<p>La Alianza del Pac\u00edfico es una estrategia de integraci\u00f3n regional innovadora y con metas comerciales claras para la econom\u00eda de los pa\u00edses miembros. Est\u00e1 conformada por Chile, Colombia, M\u00e9xico y Per\u00fa. Esta Alianza fue creada el 28 de abril de 2011 con la firma de la \u201cDeclaraci\u00f3n de Lima\u201d por los presidentes de cada naci\u00f3n. [&#8230;]","protected":false},"author":3,"featured_media":3109,"comment_status":"open","ping_status":"open","sticky":false,"template":"","format":"standard","meta":{"footnotes":""},"categories":[18,19,21],"tags":[],"class_list":["post-3081","post","type-post","status-publish","format-standard","has-post-thumbnail","hentry","category-comercio-internacional","category-maritimo","category-terrestre"],"yoast_head":"<!-- This site is optimized with the Yoast SEO plugin v25.2 - https:\/\/yoast.com\/wordpress\/plugins\/seo\/ -->\n<title>Alianza del Pac\u00edfico: \u00bfQui\u00e9n la conforma y cu\u00e1les son sus beneficios econ\u00f3micos? - Olin Logistics<\/title>\n<meta name=\"description\" content=\"La Alianza del Pac\u00edfico est\u00e1 conformada por Chile, Colombia, M\u00e9xico y Per\u00fa. Sigue leyendo para conocer los beneficios que ha tra\u00eddo.\" \/>\n<meta name=\"robots\" content=\"index, follow, max-snippet:-1, max-image-preview:large, max-video-preview:-1\" \/>\n<link rel=\"canonical\" href=\"https:\/\/olinlogistics.com\/es\/?p=3081\" \/>\n<meta property=\"og:locale\" content=\"es_MX\" \/>\n<meta property=\"og:type\" content=\"article\" \/>\n<meta property=\"og:title\" content=\"Alianza del Pac\u00edfico: \u00bfQui\u00e9n la conforma y cu\u00e1les son sus beneficios econ\u00f3micos? - Olin Logistics\" \/>\n<meta property=\"og:description\" content=\"La Alianza del Pac\u00edfico est\u00e1 conformada por Chile, Colombia, M\u00e9xico y Per\u00fa. Sigue leyendo para conocer los beneficios que ha tra\u00eddo.\" \/>\n<meta property=\"og:url\" content=\"https:\/\/olinlogistics.com\/es\/?p=3081\" \/>\n<meta property=\"og:site_name\" content=\"Olin Logistics\" \/>\n<meta property=\"article:published_time\" content=\"2024-06-19T23:36:21+00:00\" \/>\n<meta property=\"article:modified_time\" content=\"2024-06-19T23:36:22+00:00\" \/>\n<meta name=\"author\" content=\"Angel Avalos\" \/>\n<meta name=\"twitter:card\" content=\"summary_large_image\" \/>\n<meta name=\"twitter:label1\" content=\"Escrito por\" \/>\n\t<meta name=\"twitter:data1\" content=\"Angel Avalos\" \/>\n\t<meta name=\"twitter:label2\" content=\"Tiempo de lectura\" \/>\n\t<meta name=\"twitter:data2\" content=\"3 minutos\" \/>\n<script type=\"application\/ld+json\" class=\"yoast-schema-graph\">{\"@context\":\"https:\/\/schema.org\",\"@graph\":[{\"@type\":\"WebPage\",\"@id\":\"https:\/\/olinlogistics.com\/?p=3081\",\"url\":\"https:\/\/olinlogistics.com\/?p=3081\",\"name\":\"Alianza del Pac\u00edfico: \u00bfQui\u00e9n la conforma y cu\u00e1les son sus beneficios econ\u00f3micos? - Olin Logistics\",\"isPartOf\":{\"@id\":\"https:\/\/olinlogistics.com\/#website\"},\"primaryImageOfPage\":{\"@id\":\"https:\/\/olinlogistics.com\/?p=3081#primaryimage\"},\"image\":{\"@id\":\"https:\/\/olinlogistics.com\/?p=3081#primaryimage\"},\"thumbnailUrl\":\"https:\/\/olinlogistics.com\/wp-content\/uploads\/2024\/06\/03-OlinLogistics-Youtube.png\",\"datePublished\":\"2024-06-19T23:36:21+00:00\",\"dateModified\":\"2024-06-19T23:36:22+00:00\",\"author\":{\"@id\":\"https:\/\/olinlogistics.com\/#\/schema\/person\/29e4fabe1d51eec50e322a53b1fdbd21\"},\"description\":\"La Alianza del Pac\u00edfico est\u00e1 conformada por Chile, Colombia, M\u00e9xico y Per\u00fa. Sigue leyendo para conocer los beneficios que ha tra\u00eddo.\",\"breadcrumb\":{\"@id\":\"https:\/\/olinlogistics.com\/?p=3081#breadcrumb\"},\"inLanguage\":\"es\",\"potentialAction\":[{\"@type\":\"ReadAction\",\"target\":[\"https:\/\/olinlogistics.com\/?p=3081\"]}]},{\"@type\":\"ImageObject\",\"inLanguage\":\"es\",\"@id\":\"https:\/\/olinlogistics.com\/?p=3081#primaryimage\",\"url\":\"https:\/\/olinlogistics.com\/wp-content\/uploads\/2024\/06\/03-OlinLogistics-Youtube.png\",\"contentUrl\":\"https:\/\/olinlogistics.com\/wp-content\/uploads\/2024\/06\/03-OlinLogistics-Youtube.png\",\"width\":1920,\"height\":1080},{\"@type\":\"BreadcrumbList\",\"@id\":\"https:\/\/olinlogistics.com\/?p=3081#breadcrumb\",\"itemListElement\":[{\"@type\":\"ListItem\",\"position\":1,\"name\":\"Home\",\"item\":\"https:\/\/olinlogistics.com\/\"},{\"@type\":\"ListItem\",\"position\":2,\"name\":\"Alianza del Pac\u00edfico: \u00bfQui\u00e9n la conforma y cu\u00e1les son sus beneficios econ\u00f3micos?\"}]},{\"@type\":\"WebSite\",\"@id\":\"https:\/\/olinlogistics.com\/#website\",\"url\":\"https:\/\/olinlogistics.com\/\",\"name\":\"Olin Logistics\",\"description\":\"All in for you\",\"potentialAction\":[{\"@type\":\"SearchAction\",\"target\":{\"@type\":\"EntryPoint\",\"urlTemplate\":\"https:\/\/olinlogistics.com\/?s={search_term_string}\"},\"query-input\":{\"@type\":\"PropertyValueSpecification\",\"valueRequired\":true,\"valueName\":\"search_term_string\"}}],\"inLanguage\":\"es\"},{\"@type\":\"Person\",\"@id\":\"https:\/\/olinlogistics.com\/#\/schema\/person\/29e4fabe1d51eec50e322a53b1fdbd21\",\"name\":\"Angel Avalos\",\"image\":{\"@type\":\"ImageObject\",\"inLanguage\":\"es\",\"@id\":\"https:\/\/olinlogistics.com\/#\/schema\/person\/image\/\",\"url\":\"https:\/\/secure.gravatar.com\/avatar\/72ff268710997f0a7b40b19b6d1cf2c42d006a9777d3474da5b405b72b934ea6?s=96&d=mm&r=g\",\"contentUrl\":\"https:\/\/secure.gravatar.com\/avatar\/72ff268710997f0a7b40b19b6d1cf2c42d006a9777d3474da5b405b72b934ea6?s=96&d=mm&r=g\",\"caption\":\"Angel Avalos\"},\"sameAs\":[\"http:\/\/www.nubetia.com\"],\"url\":\"https:\/\/olinlogistics.com\/es\/author\/aavalos\/\"}]}<\/script>\n<!-- \/ Yoast SEO plugin. -->","yoast_head_json":{"title":"Alianza del Pac\u00edfico: \u00bfQui\u00e9n la conforma y cu\u00e1les son sus beneficios econ\u00f3micos? - Olin Logistics","description":"La Alianza del Pac\u00edfico est\u00e1 conformada por Chile, Colombia, M\u00e9xico y Per\u00fa. Sigue leyendo para conocer los beneficios que ha tra\u00eddo.","robots":{"index":"index","follow":"follow","max-snippet":"max-snippet:-1","max-image-preview":"max-image-preview:large","max-video-preview":"max-video-preview:-1"},"canonical":"https:\/\/olinlogistics.com\/es\/?p=3081","og_locale":"es_MX","og_type":"article","og_title":"Alianza del Pac\u00edfico: \u00bfQui\u00e9n la conforma y cu\u00e1les son sus beneficios econ\u00f3micos? - Olin Logistics","og_description":"La Alianza del Pac\u00edfico est\u00e1 conformada por Chile, Colombia, M\u00e9xico y Per\u00fa. Sigue leyendo para conocer los beneficios que ha tra\u00eddo.","og_url":"https:\/\/olinlogistics.com\/es\/?p=3081","og_site_name":"Olin Logistics","article_published_time":"2024-06-19T23:36:21+00:00","article_modified_time":"2024-06-19T23:36:22+00:00","author":"Angel Avalos","twitter_card":"summary_large_image","twitter_misc":{"Escrito por":"Angel Avalos","Tiempo de lectura":"3 minutos"},"schema":{"@context":"https:\/\/schema.org","@graph":[{"@type":"WebPage","@id":"https:\/\/olinlogistics.com\/?p=3081","url":"https:\/\/olinlogistics.com\/?p=3081","name":"Alianza del Pac\u00edfico: \u00bfQui\u00e9n la conforma y cu\u00e1les son sus beneficios econ\u00f3micos? - Olin Logistics","isPartOf":{"@id":"https:\/\/olinlogistics.com\/#website"},"primaryImageOfPage":{"@id":"https:\/\/olinlogistics.com\/?p=3081#primaryimage"},"image":{"@id":"https:\/\/olinlogistics.com\/?p=3081#primaryimage"},"thumbnailUrl":"https:\/\/olinlogistics.com\/wp-content\/uploads\/2024\/06\/03-OlinLogistics-Youtube.png","datePublished":"2024-06-19T23:36:21+00:00","dateModified":"2024-06-19T23:36:22+00:00","author":{"@id":"https:\/\/olinlogistics.com\/#\/schema\/person\/29e4fabe1d51eec50e322a53b1fdbd21"},"description":"La Alianza del Pac\u00edfico est\u00e1 conformada por Chile, Colombia, M\u00e9xico y Per\u00fa. Sigue leyendo para conocer los beneficios que ha tra\u00eddo.","breadcrumb":{"@id":"https:\/\/olinlogistics.com\/?p=3081#breadcrumb"},"inLanguage":"es","potentialAction":[{"@type":"ReadAction","target":["https:\/\/olinlogistics.com\/?p=3081"]}]},{"@type":"ImageObject","inLanguage":"es","@id":"https:\/\/olinlogistics.com\/?p=3081#primaryimage","url":"https:\/\/olinlogistics.com\/wp-content\/uploads\/2024\/06\/03-OlinLogistics-Youtube.png","contentUrl":"https:\/\/olinlogistics.com\/wp-content\/uploads\/2024\/06\/03-OlinLogistics-Youtube.png","width":1920,"height":1080},{"@type":"BreadcrumbList","@id":"https:\/\/olinlogistics.com\/?p=3081#breadcrumb","itemListElement":[{"@type":"ListItem","position":1,"name":"Home","item":"https:\/\/olinlogistics.com\/"},{"@type":"ListItem","position":2,"name":"Alianza del Pac\u00edfico: \u00bfQui\u00e9n la conforma y cu\u00e1les son sus beneficios econ\u00f3micos?"}]},{"@type":"WebSite","@id":"https:\/\/olinlogistics.com\/#website","url":"https:\/\/olinlogistics.com\/","name":"Olin Logistics","description":"All in for you","potentialAction":[{"@type":"SearchAction","target":{"@type":"EntryPoint","urlTemplate":"https:\/\/olinlogistics.com\/?s={search_term_string}"},"query-input":{"@type":"PropertyValueSpecification","valueRequired":true,"valueName":"search_term_string"}}],"inLanguage":"es"},{"@type":"Person","@id":"https:\/\/olinlogistics.com\/#\/schema\/person\/29e4fabe1d51eec50e322a53b1fdbd21","name":"Angel Avalos","image":{"@type":"ImageObject","inLanguage":"es","@id":"https:\/\/olinlogistics.com\/#\/schema\/person\/image\/","url":"https:\/\/secure.gravatar.com\/avatar\/72ff268710997f0a7b40b19b6d1cf2c42d006a9777d3474da5b405b72b934ea6?s=96&d=mm&r=g","contentUrl":"https:\/\/secure.gravatar.com\/avatar\/72ff268710997f0a7b40b19b6d1cf2c42d006a9777d3474da5b405b72b934ea6?s=96&d=mm&r=g","caption":"Angel Avalos"},"sameAs":["http:\/\/www.nubetia.com"],"url":"https:\/\/olinlogistics.com\/es\/author\/aavalos\/"}]}},"_links":{"self":[{"href":"https:\/\/olinlogistics.com\/es\/wp-json\/wp\/v2\/posts\/3081","targetHints":{"allow":["GET"]}}],"collection":[{"href":"https:\/\/olinlogistics.com\/es\/wp-json\/wp\/v2\/posts"}],"about":[{"href":"https:\/\/olinlogistics.com\/es\/wp-json\/wp\/v2\/types\/post"}],"author":[{"embeddable":true,"href":"https:\/\/olinlogistics.com\/es\/wp-json\/wp\/v2\/users\/3"}],"replies":[{"embeddable":true,"href":"https:\/\/olinlogistics.com\/es\/wp-json\/wp\/v2\/comments?post=3081"}],"version-history":[{"count":2,"href":"https:\/\/olinlogistics.com\/es\/wp-json\/wp\/v2\/posts\/3081\/revisions"}],"predecessor-version":[{"id":3110,"href":"https:\/\/olinlogistics.com\/es\/wp-json\/wp\/v2\/posts\/3081\/revisions\/3110"}],"wp:featuredmedia":[{"embeddable":true,"href":"https:\/\/olinlogistics.com\/es\/wp-json\/wp\/v2\/media\/3109"}],"wp:attachment":[{"href":"https:\/\/olinlogistics.com\/es\/wp-json\/wp\/v2\/media?parent=3081"}],"wp:term":[{"taxonomy":"category","embeddable":true,"href":"https:\/\/olinlogistics.com\/es\/wp-json\/wp\/v2\/categories?post=3081"},{"taxonomy":"post_tag","embeddable":true,"href":"https:\/\/olinlogistics.com\/es\/wp-json\/wp\/v2\/tags?post=3081"}],"curies":[{"name":"wp","href":"https:\/\/api.w.org\/{rel}","templated":true}]}}